{"id":670,"date":"2026-04-24T21:40:52","date_gmt":"2026-04-24T21:40:52","guid":{"rendered":"https:\/\/cybercolombia.co\/index.php\/2026\/04\/24\/el-ultimo-proyecto-de-ley-de-reautorizacion-del-poder-de-espionaje-no-impresiona-a-los-criticos\/"},"modified":"2026-04-24T21:40:52","modified_gmt":"2026-04-24T21:40:52","slug":"el-ultimo-proyecto-de-ley-de-reautorizacion-del-poder-de-espionaje-no-impresiona-a-los-criticos","status":"publish","type":"post","link":"https:\/\/cybercolombia.co\/index.php\/2026\/04\/24\/el-ultimo-proyecto-de-ley-de-reautorizacion-del-poder-de-espionaje-no-impresiona-a-los-criticos\/","title":{"rendered":"El \u00faltimo proyecto de ley de reautorizaci\u00f3n del poder de espionaje no impresiona a los cr\u00edticos"},"content":{"rendered":"<div>\n<p>El \u00faltimo intento de reactivar una controvertida ley de vigilancia que est\u00e1 a punto de expirar no ha logrado aplacar a los cr\u00edticos tanto de izquierda como de derecha del espectro pol\u00edtico.<\/p>\n<p>La semana pasada, dos votaciones de la C\u00e1mara fracasaron para extender los poderes de espionaje bajo la Secci\u00f3n 702 de la Ley de Vigilancia de Inteligencia Extranjera (FISA) durante 18 meses sin cambios, lo que llev\u00f3 al Congreso a aprobar una reautorizaci\u00f3n de 10 d\u00edas. Los l\u00edderes republicanos han estado luchando por encontrar un proyecto de ley que puedan aprobar desde que se acerca la fecha l\u00edmite del 30 de abril.<\/p>\n<p>El presidente de la C\u00e1mara de Representantes, Mike Johnson, republicano por Luisiana, <a href=\"https:\/\/rules.house.gov\/sites\/evo-subsites\/republicans-rules.house.gov\/files\/documents\/rcp_s-fisa_xml_0.pdf\">present\u00f3 un proyecto de ley<\/a> jueves para extenderla por tres a\u00f1os, con una secci\u00f3n que establece que los funcionarios del gobierno no pueden usar la Secci\u00f3n 702 para atacar a los estadounidenses. Seg\u00fan la Secci\u00f3n 702, los esp\u00edas y las agencias policiales estadounidenses pueden registrar sin orden judicial las comunicaciones electr\u00f3nicas de objetivos extranjeros. Pero esos objetivos a veces se comunican con personas estadounidenses, y los funcionarios pueden buscar en la base de datos de comunicaciones utilizando su informaci\u00f3n personal.<\/p>\n<p>Pero los cr\u00edticos de la \u00faltima propuesta de Johnson dicen que el lenguaje sobre apuntar a los estadounidenses es una fachada.<\/p>\n<p>\u00abEn general, es un proyecto de ley de calor\u00edas vac\u00edas y nada m\u00e1s que no implique una reforma\u00bb, dijo Jake Laperruque, subdirector del proyecto de seguridad y vigilancia del Centro para la Democracia y la Tecnolog\u00eda, en una llamada con periodistas el viernes.<\/p>\n<p>Los grupos de libertades civiles han pedido durante mucho tiempo que se requiera una orden judicial para los registros personales en Estados Unidos.<\/p>\n<p>\u00abNo se requiere una orden judicial ni ning\u00fan tipo de proceso judicial para los registros de personas estadounidenses\u00bb, dijo Kia Hamadanchy, asesora pol\u00edtica principal de la divisi\u00f3n de defensa pol\u00edtica de la Uni\u00f3n Estadounidense de Libertades Civiles. \u00abLa reforma principal simplemente reformula la ley existente&#8230; Tambi\u00e9n es completamente irrelevante para el tema que nos ocupa, porque las b\u00fasquedas por puertas traseras nunca han sido producto de que el gobierno apunte intencionalmente a personas estadounidenses menores de 702. El problema es que incidentalmente est\u00e1n recopilando comunicaciones de personas estadounidenses y buscando comunicaciones de estadounidenses\u00bb.<\/p>\n<p>Gene Schaerr, asesor general del conservador Proyecto para la Responsabilidad de la Privacidad y la Vigilancia, calific\u00f3 la propuesta de \u201chumo y espejos\u201d.<\/p>\n<p>Sin embargo, la legislaci\u00f3n convenci\u00f3 al menos a un legislador clave: el representante Warren Davidson, que anteriormente hab\u00eda <a href=\"https:\/\/davidson.house.gov\/2026\/4\/davidson-introduces-amendment-to-fisa-reauthorization-to-protect-americans-data\">introdujo una enmienda<\/a> para adjuntar una prohibici\u00f3n a que el gobierno compre informaci\u00f3n de American a intermediarios de datos de terceros, y qui\u00e9n era un <a href=\"https:\/\/davidson.house.gov\/2026\/3\/davidson-introduces-sweeping-fisa-reform-bill\">copatrocinador principal<\/a> de legislaci\u00f3n que exige una orden judicial para registros de personas estadounidenses en virtud de la Secci\u00f3n 702.<\/p>\n<p>\u00abEn conjunto, este conjunto de reformas proporciona s\u00f3lidas protecciones de la privacidad de los ciudadanos estadounidenses. El Congreso deber\u00eda aprovechar esta victoria y reautorizar la Secci\u00f3n 702\u00bb, Davidson <a href=\"https:\/\/x.com\/WarrenDavidson\/status\/2047370159308902816\">dijo en X<\/a>. \u201cEntonces, deber\u00edamos comenzar r\u00e1pidamente a desmantelar el estado de vigilancia absoluta que creci\u00f3 sin control durante estas peleas 702\u201d.<\/p>\n<p>Pero no parece que lo haya hecho todav\u00eda. <a href=\"https:\/\/www.politico.com\/newsletters\/inside-congress\/2026\/04\/24\/the-702-saga-johnson-stuck-himes-searching-00890123\">se gan\u00f3 a suficientes miembros conservadores del House Freedom Caucus<\/a>y pocos dem\u00f3cratas han estado de acuerdo con los planes de Johnson.<\/p>\n<p>El representante Ted Lieu, dem\u00f3crata por California, indic\u00f3 en X en t\u00e9rminos duros que <a href=\"https:\/\/x.com\/tedlieu\/status\/2047434300778234000\">no conf\u00eda en el director del FBI, Kash Patel<\/a> con los poderes actuales de la Secci\u00f3n 702.<\/p>\n<footer class=\"single-article__footer\">\n<div class=\"author-card\">\n<div class=\"author-card__avatar\">\n<figure class=\"author-card__image-wrap\">\n\t\t\t\t\t<img decoding=\"async\" class=\"author-card__image\" src=\"https:\/\/cyberscoop.com\/wp-content\/uploads\/sites\/3\/2024\/03\/Tim-Starks-01.jpg?w=150&amp;h=150&amp;crop=1\" alt=\"Tim Starks\"\/><br \/>\n\t\t\t\t<\/figure>\n<\/p><\/div>\n<div class=\"author-card__details\">\n<h4 class=\"author-card__name\">Escrito por Tim Starks<\/h4>\n<p>\t\t\tTim Starks es reportero senior de CyberScoop. Sus paradas anteriores incluyen trabajar en The Washington Post, POLITICO y Congressional Quarterly. Originario de Evansville, Indiana, se ocupa de la ciberseguridad desde 2003. Env\u00ede un correo electr\u00f3nico a Tim aqu\u00ed: tim.starks@cyberscoop.com.\t\t<\/p><\/div>\n<\/p><\/div>\n<\/footer><\/div>\n","protected":false},"excerpt":{"rendered":"<p>El \u00faltimo intento de reactivar una controvertida ley de vigilancia que est\u00e1 a punto de expirar no ha logrado aplacar a los cr\u00edticos tanto de izquierda como de derecha del espectro pol\u00edtico. La semana pasada, dos votaciones de la C\u00e1mara fracasaron para extender los poderes de espionaje bajo la Secci\u00f3n 702 de la Ley de [&hellip;]<\/p>\n","protected":false},"author":1,"featured_media":671,"comment_status":"open","ping_status":"open","sticky":false,"template":"","format":"standard","meta":{"footnotes":""},"categories":[2],"tags":[137,70,907,2099,1439,52,2098,2029,2097,2096],"class_list":["post-670","post","type-post","status-publish","format-standard","has-post-thumbnail","hentry","category-latest","tag-criticos","tag-del","tag-espionaje","tag-impresiona","tag-ley","tag-los","tag-poder","tag-proyecto","tag-reautorizacion","tag-ultimo"],"_links":{"self":[{"href":"https:\/\/cybercolombia.co\/index.php\/wp-json\/wp\/v2\/posts\/670","targetHints":{"allow":["GET"]}}],"collection":[{"href":"https:\/\/cybercolombia.co\/index.php\/wp-json\/wp\/v2\/posts"}],"about":[{"href":"https:\/\/cybercolombia.co\/index.php\/wp-json\/wp\/v2\/types\/post"}],"author":[{"embeddable":true,"href":"https:\/\/cybercolombia.co\/index.php\/wp-json\/wp\/v2\/users\/1"}],"replies":[{"embeddable":true,"href":"https:\/\/cybercolombia.co\/index.php\/wp-json\/wp\/v2\/comments?post=670"}],"version-history":[{"count":0,"href":"https:\/\/cybercolombia.co\/index.php\/wp-json\/wp\/v2\/posts\/670\/revisions"}],"wp:featuredmedia":[{"embeddable":true,"href":"https:\/\/cybercolombia.co\/index.php\/wp-json\/wp\/v2\/media\/671"}],"wp:attachment":[{"href":"https:\/\/cybercolombia.co\/index.php\/wp-json\/wp\/v2\/media?parent=670"}],"wp:term":[{"taxonomy":"category","embeddable":true,"href":"https:\/\/cybercolombia.co\/index.php\/wp-json\/wp\/v2\/categories?post=670"},{"taxonomy":"post_tag","embeddable":true,"href":"https:\/\/cybercolombia.co\/index.php\/wp-json\/wp\/v2\/tags?post=670"}],"curies":[{"name":"wp","href":"https:\/\/api.w.org\/{rel}","templated":true}]}}